{"id":665,"date":"2025-12-18T15:32:06","date_gmt":"2025-12-18T12:32:06","guid":{"rendered":"http:\/\/yedek.ahmetkaracalar.com\/?page_id=665"},"modified":"2026-03-25T23:28:12","modified_gmt":"2026-03-25T20:28:12","slug":"lifting-du-visage","status":"publish","type":"post","link":"https:\/\/ahmetkaracalar.com\/fr\/yuz-germe\/","title":{"rendered":"Lifting du Visage et Technique de Lifting SMAS"},"content":{"rendered":"<div data-elementor-type=\"wp-post\" data-elementor-id=\"665\" class=\"elementor elementor-665\" data-elementor-post-type=\"post\">\n\t\t\t\t<div class=\"elementor-element elementor-element-8b6936c e-flex e-con-boxed e-con e-parent\" data-id=\"8b6936c\" data-element_type=\"container\" data-e-type=\"container\">\n\t\t\t\t\t<div class=\"e-con-inner\">\n\t\t\t\t<div class=\"elementor-element elementor-element-e0d242f elementor-widget elementor-widget-text-editor\" data-id=\"e0d242f\" data-element_type=\"widget\" data-e-type=\"widget\" data-widget_type=\"text-editor.default\">\n\t\t\t\t\t\t\t\t\t<h2><span class=\"ez-toc-section\" id=\"Yuz_Germe_ve_SMAS_Lift_Teknigi\"><\/span>Lifting du Visage et Technique de Lifting SMAS<span class=\"ez-toc-section-end\"><\/span><\/h2>\n\n<p>Les techniques de lifting du visage ont beaucoup chang\u00e9. En particulier, la v\u00e9ritable cause des affaissements pr\u00e9coces <strong>SMAS<\/strong> a \u00e9t\u00e9 comprise comme \u00e9tant le rel\u00e2chement de la membrane appel\u00e9e SMAS et la descente des tissus qui en r\u00e9sulte. Le simple \u00e9tirement de cette membrane procure un rajeunissement significatif dans une partie du bas du visage, du haut du cou et du milieu du visage.<\/p>\n\n<p><strong>Lifting SMAS<\/strong> est r\u00e9alis\u00e9 en acc\u00e9dant par les plis \u00e0 l'int\u00e9rieur de l'oreille pour trouver cette membrane protectrice du visage et la tendre vers le haut.<\/p>\n\n<p style=\"text-align: center;\">\n    <img decoding=\"async\" src=\"https:\/\/ahmetkaracalar.com\/wp-content\/uploads\/2014\/08\/Smas1.png\" alt=\"technique de lifting facial SMAS\" width=\"313\" title=\"\">\n    <br \/>\n    <em>Avec le Lifting SMAS, la membrane naturelle porteuse du visage est raffermie.<\/em>\n<\/p>\n\n<div id=\"ez-toc-container\" class=\"ez-toc-v2_0_82_1 counter-hierarchy ez-toc-counter ez-toc-grey\">\n    <div class=\"ez-toc-title-container\"><p class=\"ez-toc-title\">Contenu<\/p><\/div>\n    <nav>\n        <ul class=\"ez-toc-list\">\n            <li><a href=\"#avantajlar\">Avantages et Inconv\u00e9nients<\/a><\/li>\n            <li><a href=\"#orta-yuz\">Lifting du Milieu du Visage (Mid-Face Lift)<\/a><\/li>\n            <li><a href=\"#sorular\">Questions Fr\u00e9quemment Pos\u00e9es<\/a><\/li>\n            <li><a href=\"#kitaplar\">Les Livres du Dr. Karacalar<\/a><\/li>\n        <\/ul>\n    <\/nav>\n<\/div>\n\n<hr \/>\n\n<h3 id=\"avantajlar\"><span class=\"ez-toc-section\" id=\"Yuz_Germe_ve_SMAS_Lift_Yonteminin_Avantajlari\"><\/span>Avantages de la M\u00e9thode de Lifting du Visage et du SMAS Lift<span class=\"ez-toc-section-end\"><\/span><\/h3>\n<p>Cette technique est consid\u00e9r\u00e9e comme l'un des standards d'or dans le rajeunissement moderne du visage.<\/p>\n\n<p><strong>Avantages :<\/strong><\/p>\n<ul>\n    <li>N'alt\u00e8re pas la naturalit\u00e9 du visage, les r\u00e9sultats sont visibles imm\u00e9diatement et durables pendant de nombreuses ann\u00e9es.<\/li>\n    <li>La proc\u00e9dure peut \u00eatre r\u00e9alis\u00e9e sous anesth\u00e9sie locale, le retour \u00e0 la vie sociale est rapide.<\/li>\n    <li>Id\u00e9al pour les groupes d'\u00e2ge moyen et plus.<\/li>\n    <li>Accentue l'ovale du visage et tend la r\u00e9gion sup\u00e9rieure du cou.<\/li>\n    <li>Est beaucoup plus durable que les m\u00e9thodes de suspension par fils.<\/li>\n<\/ul>\n\n<p><strong>Inconv\u00e9nients :<\/strong><\/p>\n<ul>\n    <li>Le co\u00fbt de la proc\u00e9dure est plus \u00e9lev\u00e9 que celui des suspensions par fils.<\/li>\n    <li>Des ecchymoses et gonflements temporaires peuvent appara\u00eetre sous les yeux.<\/li>\n<\/ul>\n\n<hr \/>\n\n<h3 id=\"orta-yuz\"><span class=\"ez-toc-section\" id=\"Orta_Yuz_Germe_Mid-Face_Lift\"><\/span>Lifting du Milieu du Visage (Mid-Face Lift)<span class=\"ez-toc-section-end\"><\/span><\/h3>\n<p>Le milieu du visage commence \u00e0 s'affaisser apr\u00e8s la trentaine. Les premiers signes sont les creux sous les yeux et l'accentuation des lignes autour de la bouche. Cette situation donne au visage une expression fatigu\u00e9e et malheureuse.<\/p>\n\n<p><strong>Comment se fait le lifting du milieu du visage ?<\/strong><\/p>\n<p>Il est r\u00e9alis\u00e9 en entrant par la r\u00e9gion des tempes, entre les cheveux, \u00e0 l'aide de tubes optiques. Le milieu du visage est lib\u00e9r\u00e9 et remis \u00e0 sa place d'origine. Aucune excision de la peau n'est effectu\u00e9e, les cicatrices restent cach\u00e9es entre les cheveux. \u00c9tant une proc\u00e9dure ferm\u00e9e, la gu\u00e9rison est rapide.<\/p>\n<p>Cette proc\u00e9dure est souvent <a href=\"https:\/\/ahmetkaracalar.com\/fr\/lifting-des-sourcils\/\">combin\u00e9e avec<\/a> un lifting des sourcils.<\/p>\n\n<hr \/>\n\n<h3 id=\"sorular\"><span class=\"ez-toc-section\" id=\"Sikca_Sorulan_Sorular\"><\/span>Questions Fr\u00e9quemment Pos\u00e9es<span class=\"ez-toc-section-end\"><\/span><\/h3>\n\n<p><strong>Quelle est la meilleure m\u00e9thode de lifting du visage ?<\/strong><br \/>\nDe nos jours, la technique qui donne le r\u00e9sultat le plus naturel intervient sur le tissu porteur sous la peau (SMAS). Le visage ne semble pas \u201ctir\u00e9\u201d, mais \u201crajeunit\u201d.<\/p>\n\n<p><strong>De combien d'ann\u00e9es le lifting rajeunit-il ?<\/strong><br \/>\nBien que cela varie en fonction de la qualit\u00e9 de la peau et du mode de vie, cela donne g\u00e9n\u00e9ralement \u00e0 la personne une apparence beaucoup plus dynamique et fra\u00eeche.<\/p>\n\n<p id=\"kitaplar\"><strong>Combien co\u00fbtent les prix en 2026 ?<\/strong><br \/>\nLes prix varient selon la technique et le choix de l'h\u00f4pital. Pour des informations pr\u00e9cises <a href=\"https:\/\/ahmetkaracalar.com\/fr\/contact\/\">vous pouvez contacter<\/a> notre clinique.<\/p>\n\n<hr \/>\n\n<h3><span class=\"ez-toc-section\" id=\"Dr_Karacalarin_Kitaplari\"><\/span>Les Livres du Dr. Karacalar<span class=\"ez-toc-section-end\"><\/span><\/h3>\n<p>Pour examiner la philosophie de la chirurgie esth\u00e9tique du Prof. Dr. Ahmet Karacalar et les \u0153uvres scientifiques qu'il a r\u00e9dig\u00e9es <a href=\"https:\/\/ahmetkaracalar.com\/fr\/dr-karacalarin-kitaplari-2\/\"><b>vous pouvez visiter la page<\/b><\/a> des Livres du Dr. Karacalar.<\/p>\n\n<p style=\"text-align: center;\">\n    <img decoding=\"async\" src=\"https:\/\/ahmetkaracalar.com\/wp-content\/uploads\/2026\/01\/ahmet-karacalar.jpg\" alt=\"Prof. Dr. Ahmet Karacalar\" width=\"150\" style=\"border-radius: 50%;\" title=\"\">\n<\/p>\n\n<p style=\"background-color: #f9f9f9; padding: 15px; border-left: 5px solid #E6004C; font-size: 13px;\">\n    <strong>Avertissement l\u00e9gal :<\/strong> Le contenu de la page est \u00e0 titre informatif. Consultez toujours votre m\u00e9decin pour un diagnostic et un traitement.\n<\/p>\t\t\t\t\t\t\t\t<\/div>\n\t\t\t\t\t<\/div>\n\t\t\t\t<\/div>\n\t\t\t\t<\/div>","protected":false},"excerpt":{"rendered":"<p>Lifting du Visage et Technique de Lifting SMAS Les techniques de lifting du visage d'autrefois ont beaucoup chang\u00e9. Il a \u00e9t\u00e9 compris que la cause principale des affaissements pr\u00e9coces est le rel\u00e2chement de la membrane appel\u00e9e SMAS et la descente des tissus qui en r\u00e9sulte. Le simple \u00e9tirement de cette membrane permet un rajeunissement significatif de la partie inf\u00e9rieure du visage, du haut du cou et d'une partie du milieu du visage. Pour le lifting SMAS, \u00e0 l'int\u00e9rieur de l'oreille\u2026<\/p>","protected":false},"author":4,"featured_media":1806,"comment_status":"closed","ping_status":"closed","sticky":false,"template":"","format":"standard","meta":{"footnotes":""},"categories":[141,299],"tags":[],"class_list":["post-665","post","type-post","status-publish","format-standard","has-post-thumbnail","hentry","category-blog","category-yuz-estetigi"],"_links":{"self":[{"href":"https:\/\/ahmetkaracalar.com\/fr\/wp-json\/wp\/v2\/posts\/665","targetHints":{"allow":["GET"]}}],"collection":[{"href":"https:\/\/ahmetkaracalar.com\/fr\/wp-json\/wp\/v2\/posts"}],"about":[{"href":"https:\/\/ahmetkaracalar.com\/fr\/wp-json\/wp\/v2\/types\/post"}],"author":[{"embeddable":true,"href":"https:\/\/ahmetkaracalar.com\/fr\/wp-json\/wp\/v2\/users\/4"}],"replies":[{"embeddable":true,"href":"https:\/\/ahmetkaracalar.com\/fr\/wp-json\/wp\/v2\/comments?post=665"}],"version-history":[{"count":0,"href":"https:\/\/ahmetkaracalar.com\/fr\/wp-json\/wp\/v2\/posts\/665\/revisions"}],"wp:featuredmedia":[{"embeddable":true,"href":"https:\/\/ahmetkaracalar.com\/fr\/wp-json\/wp\/v2\/media\/1806"}],"wp:attachment":[{"href":"https:\/\/ahmetkaracalar.com\/fr\/wp-json\/wp\/v2\/media?parent=665"}],"wp:term":[{"taxonomy":"category","embeddable":true,"href":"https:\/\/ahmetkaracalar.com\/fr\/wp-json\/wp\/v2\/categories?post=665"},{"taxonomy":"post_tag","embeddable":true,"href":"https:\/\/ahmetkaracalar.com\/fr\/wp-json\/wp\/v2\/tags?post=665"}],"curies":[{"name":"wp","href":"https:\/\/api.w.org\/{rel}","templated":true}]}}